{"id":859,"date":"2025-04-20T12:17:19","date_gmt":"2025-04-20T12:17:19","guid":{"rendered":"https:\/\/kaposvarievangelikus.hu\/?p=859"},"modified":"2025-04-20T12:21:23","modified_gmt":"2025-04-20T12:21:23","slug":"husvet-vasarnapjan","status":"publish","type":"post","link":"https:\/\/kaposvarievangelikus.hu\/index.php\/2025\/04\/20\/husvet-vasarnapjan\/","title":{"rendered":"H\u00fasv\u00e9t vas\u00e1rnapj\u00e1n"},"content":{"rendered":"<blockquote><p>A felt\u00e1mad\u00e1s \u00d6r\u00f6mh\u00edr\u00e9re megtelet a Kaposv\u00e1ri Evang\u00e9likus Templom, ahol m\u00e9lt\u00f3 m\u00f3don k\u00e9t szents\u00e9g\u00fcnkkel, Kereszts\u00e9ggel \u00e9s \u00darvacsor\u00e1val \u00fcnnepelt a Gy\u00fclekezet!&nbsp;<\/p>\n<p><img loading=\"lazy\" decoding=\"async\" class=\"alignnone size-medium wp-image-864\" src=\"https:\/\/kaposvarievangelikus.hu\/wp-content\/uploads\/2025\/04\/20250420_104133-300x139.jpg\" alt=\"\" width=\"300\" height=\"139\" srcset=\"https:\/\/kaposvarievangelikus.hu\/wp-content\/uploads\/2025\/04\/20250420_104133-300x139.jpg 300w, https:\/\/kaposvarievangelikus.hu\/wp-content\/uploads\/2025\/04\/20250420_104133-1024x473.jpg 1024w, https:\/\/kaposvarievangelikus.hu\/wp-content\/uploads\/2025\/04\/20250420_104133-768x355.jpg 768w, https:\/\/kaposvarievangelikus.hu\/wp-content\/uploads\/2025\/04\/20250420_104133-1536x709.jpg 1536w, https:\/\/kaposvarievangelikus.hu\/wp-content\/uploads\/2025\/04\/20250420_104133-2048x946.jpg 2048w, https:\/\/kaposvarievangelikus.hu\/wp-content\/uploads\/2025\/04\/20250420_104133-1140x526.jpg 1140w\" sizes=\"auto, (max-width: 300px) 100vw, 300px\" \/><\/p>\n<p>https:\/\/www.youtube.com\/live\/ImL_ZUM6iL4?si=9jA9ZhdWC86tvr65<\/p><\/blockquote>\n<p>&nbsp;<\/p>\n<p>&nbsp;<\/p>\n","protected":false},"excerpt":{"rendered":"<p class=\"post-excerpt\">A felt\u00e1mad\u00e1s \u00d6r\u00f6mh\u00edr\u00e9re megtelet a Kaposv\u00e1ri Evang\u00e9likus Templom, ahol m\u00e9lt\u00f3 m\u00f3don k\u00e9t szents\u00e9g\u00fcnkkel, Kereszts\u00e9ggel \u00e9s \u00darvacsor\u00e1val \u00fcnnepelt a Gy\u00fclekezet!&nbsp; https:\/\/www.youtube.com\/live\/ImL_ZUM6iL4?si=9jA9ZhdWC86tvr65&#8230;<\/p>\n","protected":false},"author":2,"featured_media":861,"comment_status":"closed","ping_status":"open","sticky":false,"template":"","format":"standard","meta":{"ngg_post_thumbnail":0,"footnotes":""},"categories":[4],"tags":[],"class_list":["post-859","post","type-post","status-publish","format-standard","has-post-thumbnail","hentry","category-aktualis"],"_links":{"self":[{"href":"https:\/\/kaposvarievangelikus.hu\/index.php\/wp-json\/wp\/v2\/posts\/859","targetHints":{"allow":["GET"]}}],"collection":[{"href":"https:\/\/kaposvarievangelikus.hu\/index.php\/wp-json\/wp\/v2\/posts"}],"about":[{"href":"https:\/\/kaposvarievangelikus.hu\/index.php\/wp-json\/wp\/v2\/types\/post"}],"author":[{"embeddable":true,"href":"https:\/\/kaposvarievangelikus.hu\/index.php\/wp-json\/wp\/v2\/users\/2"}],"replies":[{"embeddable":true,"href":"https:\/\/kaposvarievangelikus.hu\/index.php\/wp-json\/wp\/v2\/comments?post=859"}],"version-history":[{"count":3,"href":"https:\/\/kaposvarievangelikus.hu\/index.php\/wp-json\/wp\/v2\/posts\/859\/revisions"}],"predecessor-version":[{"id":865,"href":"https:\/\/kaposvarievangelikus.hu\/index.php\/wp-json\/wp\/v2\/posts\/859\/revisions\/865"}],"wp:featuredmedia":[{"embeddable":true,"href":"https:\/\/kaposvarievangelikus.hu\/index.php\/wp-json\/wp\/v2\/media\/861"}],"wp:attachment":[{"href":"https:\/\/kaposvarievangelikus.hu\/index.php\/wp-json\/wp\/v2\/media?parent=859"}],"wp:term":[{"taxonomy":"category","embeddable":true,"href":"https:\/\/kaposvarievangelikus.hu\/index.php\/wp-json\/wp\/v2\/categories?post=859"},{"taxonomy":"post_tag","embeddable":true,"href":"https:\/\/kaposvarievangelikus.hu\/index.php\/wp-json\/wp\/v2\/tags?post=859"}],"curies":[{"name":"wp","href":"https:\/\/api.w.org\/{rel}","templated":true}]}}