{"id":4294,"date":"2026-04-30T14:55:11","date_gmt":"2026-04-30T14:55:11","guid":{"rendered":"https:\/\/kaposvarievangelikus.hu\/?p=4294"},"modified":"2026-04-30T14:55:18","modified_gmt":"2026-04-30T14:55:18","slug":"4294","status":"publish","type":"post","link":"https:\/\/kaposvarievangelikus.hu\/index.php\/2026\/04\/30\/4294\/","title":{"rendered":""},"content":{"rendered":"<p>\ud83d\udc9b B\u00fcszk\u00e9k vagyunk gy\u00fclekezet\u00fcnk egyik fiatalj\u00e1ra!<\/p>\n<p>Nagy \u00f6r\u00f6mmel osztjuk meg, hogy gy\u00fclekezet\u00fcnk kisl\u00e1nya, Gyarmati Lili Rika, a XI. Dun\u00e1nt\u00fali Mandulafa Ifj\u00fa Kutat\u00f3k Tudom\u00e1nyos Konferenci\u00e1j\u00e1n mutatta be kutat\u00e1s\u00e1t. \ud83e\uddd1\u200d\ud83c\udfeb<\/p>\n<p>El\u0151ad\u00e1s\u00e1ban a Kaposv\u00e1ri Evang\u00e9likus Templom \u00e9s gy\u00fclekezet szerep\u00e9t vizsg\u00e1lta a v\u00e1ros \u00e9let\u00e9ben. A m\u00falt felt\u00e1r\u00e1sa mellett interj\u00fak \u00e9s k\u00e9rd\u0151\u00edvek seg\u00edts\u00e9g\u00e9vel mutatta be a jelen k\u00f6z\u00f6ss\u00e9g\u00e9t, s\u0151t a Meseb\u00e1rka Csal\u00e1di B\u00f6lcs\u0151d\u00e9ben a legkisebbek mindennapjaiba is betekint\u00e9st nyert. \ud83e\udd70<\/p>\n<p>Kutat\u00e1sa a j\u00f6v\u0151 fel\u00e9 is tekintett, mik\u00f6zben saj\u00e1t \u00e9lm\u00e9nyeire \u00e9s iskolai tapasztalataira is \u00e9p\u00edtett.<\/p>\n<p>K\u00fcl\u00f6n \u00f6r\u00f6m sz\u00e1munkra, hogy ilyen sz\u00e9pen \u00e9s szem\u00e9lyesen mutatta be gy\u00fclekezet\u00fcnk \u00e9let\u00e9t \u00e9s k\u00f6z\u00f6ss\u00e9g\u00e9t! \ud83d\ude4f<\/p>\n<p>\ud83d\udc4f Sz\u00edvb\u0151l gratul\u00e1lunk, Lili!<\/p>\n<p><img loading=\"lazy\" decoding=\"async\" class=\"alignnone size-medium wp-image-4298\" src=\"https:\/\/kaposvarievangelikus.hu\/wp-content\/uploads\/2026\/04\/FB_IMG_1777560775953-225x300.jpg\" alt=\"\" width=\"225\" height=\"300\" srcset=\"https:\/\/kaposvarievangelikus.hu\/wp-content\/uploads\/2026\/04\/FB_IMG_1777560775953-225x300.jpg 225w, https:\/\/kaposvarievangelikus.hu\/wp-content\/uploads\/2026\/04\/FB_IMG_1777560775953-768x1024.jpg 768w, https:\/\/kaposvarievangelikus.hu\/wp-content\/uploads\/2026\/04\/FB_IMG_1777560775953-1152x1536.jpg 1152w, https:\/\/kaposvarievangelikus.hu\/wp-content\/uploads\/2026\/04\/FB_IMG_1777560775953-1140x1520.jpg 1140w, https:\/\/kaposvarievangelikus.hu\/wp-content\/uploads\/2026\/04\/FB_IMG_1777560775953.jpg 1536w\" sizes=\"auto, (max-width: 225px) 100vw, 225px\" \/><\/p>\n","protected":false},"excerpt":{"rendered":"<p class=\"post-excerpt\">\ud83d\udc9b B\u00fcszk\u00e9k vagyunk gy\u00fclekezet\u00fcnk egyik fiatalj\u00e1ra! Nagy \u00f6r\u00f6mmel osztjuk meg, hogy gy\u00fclekezet\u00fcnk kisl\u00e1nya, Gyarmati Lili Rika, a XI. Dun\u00e1nt\u00fali Mandulafa&#8230;<\/p>\n","protected":false},"author":2,"featured_media":4297,"comment_status":"closed","ping_status":"open","sticky":false,"template":"","format":"standard","meta":{"ngg_post_thumbnail":0,"footnotes":""},"categories":[4],"tags":[],"class_list":["post-4294","post","type-post","status-publish","format-standard","has-post-thumbnail","hentry","category-aktualis"],"_links":{"self":[{"href":"https:\/\/kaposvarievangelikus.hu\/index.php\/wp-json\/wp\/v2\/posts\/4294","targetHints":{"allow":["GET"]}}],"collection":[{"href":"https:\/\/kaposvarievangelikus.hu\/index.php\/wp-json\/wp\/v2\/posts"}],"about":[{"href":"https:\/\/kaposvarievangelikus.hu\/index.php\/wp-json\/wp\/v2\/types\/post"}],"author":[{"embeddable":true,"href":"https:\/\/kaposvarievangelikus.hu\/index.php\/wp-json\/wp\/v2\/users\/2"}],"replies":[{"embeddable":true,"href":"https:\/\/kaposvarievangelikus.hu\/index.php\/wp-json\/wp\/v2\/comments?post=4294"}],"version-history":[{"count":3,"href":"https:\/\/kaposvarievangelikus.hu\/index.php\/wp-json\/wp\/v2\/posts\/4294\/revisions"}],"predecessor-version":[{"id":4299,"href":"https:\/\/kaposvarievangelikus.hu\/index.php\/wp-json\/wp\/v2\/posts\/4294\/revisions\/4299"}],"wp:featuredmedia":[{"embeddable":true,"href":"https:\/\/kaposvarievangelikus.hu\/index.php\/wp-json\/wp\/v2\/media\/4297"}],"wp:attachment":[{"href":"https:\/\/kaposvarievangelikus.hu\/index.php\/wp-json\/wp\/v2\/media?parent=4294"}],"wp:term":[{"taxonomy":"category","embeddable":true,"href":"https:\/\/kaposvarievangelikus.hu\/index.php\/wp-json\/wp\/v2\/categories?post=4294"},{"taxonomy":"post_tag","embeddable":true,"href":"https:\/\/kaposvarievangelikus.hu\/index.php\/wp-json\/wp\/v2\/tags?post=4294"}],"curies":[{"name":"wp","href":"https:\/\/api.w.org\/{rel}","templated":true}]}}