{"id":2852,"date":"2025-12-08T15:59:04","date_gmt":"2025-12-08T15:59:04","guid":{"rendered":"https:\/\/kaposvarievangelikus.hu\/?p=2852"},"modified":"2025-12-09T09:08:26","modified_gmt":"2025-12-09T09:08:26","slug":"csaladi-istentisztelet-a-telapoval","status":"publish","type":"post","link":"https:\/\/kaposvarievangelikus.hu\/index.php\/2025\/12\/08\/csaladi-istentisztelet-a-telapoval\/","title":{"rendered":"Csal\u00e1di Istentisztelet a T\u00e9lap\u00f3val"},"content":{"rendered":"<p>K\u00fcl\u00f6nleges Istentisztelet a Mikul\u00e1ssal \ud83c\udf85 \u00e9s Ifisek Adventi V\u00e1s\u00e1ra \ud83e\uddcb<\/p>\n<p>Ma igazi \u00fcnnepi hangulat t\u00f6lt\u00f6tte meg templomunkat: sok gyermek, rengeteg mosoly \u00e9s egy vid\u00e1m, szeretetteljes gy\u00fclekezet egy\u00fctt k\u00e9sz\u00fclt az adventre. A Mikul\u00e1s l\u00e1togat\u00e1sa \u00f6r\u00f6met hozott kicsiknek \u00e9s nagyoknak, az ifisek pedig m\u00e9zeskal\u00e1ccsal \u00e9s forr\u00f3 almal\u00e9vel tett\u00e9k m\u00e9g szebb\u00e9 az alkalmat.<\/p>\n<p>H\u00e1l\u00e1sak vagyunk ez\u00e9rt az \u00e1ldott k\u00f6z\u00f6ss\u00e9g\u00e9rt \u00e9s a k\u00f6z\u00f6s \u00e9lm\u00e9nyek\u00e9rt! \u2728\ud83c\udf84<\/p>\nngg_shortcode_0_placeholder\n","protected":false},"excerpt":{"rendered":"<p class=\"post-excerpt\">K\u00fcl\u00f6nleges Istentisztelet a Mikul\u00e1ssal \ud83c\udf85 \u00e9s Ifisek Adventi V\u00e1s\u00e1ra \ud83e\uddcb Ma igazi \u00fcnnepi hangulat t\u00f6lt\u00f6tte meg templomunkat: sok gyermek, rengeteg&#8230;<\/p>\n","protected":false},"author":2,"featured_media":2891,"comment_status":"closed","ping_status":"open","sticky":false,"template":"","format":"standard","meta":{"ngg_post_thumbnail":0,"footnotes":""},"categories":[4],"tags":[],"class_list":["post-2852","post","type-post","status-publish","format-standard","has-post-thumbnail","hentry","category-aktualis"],"_links":{"self":[{"href":"https:\/\/kaposvarievangelikus.hu\/index.php\/wp-json\/wp\/v2\/posts\/2852","targetHints":{"allow":["GET"]}}],"collection":[{"href":"https:\/\/kaposvarievangelikus.hu\/index.php\/wp-json\/wp\/v2\/posts"}],"about":[{"href":"https:\/\/kaposvarievangelikus.hu\/index.php\/wp-json\/wp\/v2\/types\/post"}],"author":[{"embeddable":true,"href":"https:\/\/kaposvarievangelikus.hu\/index.php\/wp-json\/wp\/v2\/users\/2"}],"replies":[{"embeddable":true,"href":"https:\/\/kaposvarievangelikus.hu\/index.php\/wp-json\/wp\/v2\/comments?post=2852"}],"version-history":[{"count":5,"href":"https:\/\/kaposvarievangelikus.hu\/index.php\/wp-json\/wp\/v2\/posts\/2852\/revisions"}],"predecessor-version":[{"id":2984,"href":"https:\/\/kaposvarievangelikus.hu\/index.php\/wp-json\/wp\/v2\/posts\/2852\/revisions\/2984"}],"wp:featuredmedia":[{"embeddable":true,"href":"https:\/\/kaposvarievangelikus.hu\/index.php\/wp-json\/wp\/v2\/media\/2891"}],"wp:attachment":[{"href":"https:\/\/kaposvarievangelikus.hu\/index.php\/wp-json\/wp\/v2\/media?parent=2852"}],"wp:term":[{"taxonomy":"category","embeddable":true,"href":"https:\/\/kaposvarievangelikus.hu\/index.php\/wp-json\/wp\/v2\/categories?post=2852"},{"taxonomy":"post_tag","embeddable":true,"href":"https:\/\/kaposvarievangelikus.hu\/index.php\/wp-json\/wp\/v2\/tags?post=2852"}],"curies":[{"name":"wp","href":"https:\/\/api.w.org\/{rel}","templated":true}]}}