{"id":2794,"date":"2025-12-06T15:55:18","date_gmt":"2025-12-06T15:55:18","guid":{"rendered":"https:\/\/kaposvarievangelikus.hu\/?p=2794"},"modified":"2025-12-06T16:13:40","modified_gmt":"2025-12-06T16:13:40","slug":"osszefogtak-ifiseink","status":"publish","type":"post","link":"https:\/\/kaposvarievangelikus.hu\/index.php\/2025\/12\/06\/osszefogtak-ifiseink\/","title":{"rendered":"\u00d6sszefogtak Ifiseink"},"content":{"rendered":"<p>\ud83c\udf84 \u00d6sszefogtak ifiseink! \ud83c\udf85\u2728<\/p>\n<p>A k\u00e9t ifi csoport k\u00f6z\u00f6sen k\u00e9sz\u00fcl arra, hogy a Mikul\u00e1s-istentisztelet ut\u00e1n m\u00e9zeskal\u00e1csos \u00e9s forralt almal\u00e9s &#8222;Ifis Adventi V\u00e1s\u00e1rt&#8221; rendezzenek!<br \/>\nA bev\u00e9telt pedig egy tavaszi moziz\u00e1sra vagy k\u00f6z\u00f6s kir\u00e1ndul\u00e1sra ford\u00edtj\u00e1k majd. \ud83c\udfac\ud83e\udded<\/p>\n<p>Szeretettel v\u00e1runk mindenkit a vas\u00e1rnapi csal\u00e1di istentiszteletre \u2014 k\u00f3stolj\u00e1tok meg ifiseink finoms\u00e1gait, \u00e9s ha tehetitek, t\u00e1mogass\u00e1tok lelkes \u00f6sszefog\u00e1sukat az adom\u00e1nydobozukn\u00e1l! \u2764\ufe0f\ud83c\udf6a\ud83c\udf4e\ud83d\udd25<\/p>\nngg_shortcode_0_placeholder\n","protected":false},"excerpt":{"rendered":"<p class=\"post-excerpt\">\ud83c\udf84 \u00d6sszefogtak ifiseink! \ud83c\udf85\u2728 A k\u00e9t ifi csoport k\u00f6z\u00f6sen k\u00e9sz\u00fcl arra, hogy a Mikul\u00e1s-istentisztelet ut\u00e1n m\u00e9zeskal\u00e1csos \u00e9s forralt almal\u00e9s &#8222;Ifis&#8230;<\/p>\n","protected":false},"author":2,"featured_media":2797,"comment_status":"closed","ping_status":"open","sticky":false,"template":"","format":"standard","meta":{"ngg_post_thumbnail":0,"footnotes":""},"categories":[4],"tags":[],"class_list":["post-2794","post","type-post","status-publish","format-standard","has-post-thumbnail","hentry","category-aktualis"],"_links":{"self":[{"href":"https:\/\/kaposvarievangelikus.hu\/index.php\/wp-json\/wp\/v2\/posts\/2794","targetHints":{"allow":["GET"]}}],"collection":[{"href":"https:\/\/kaposvarievangelikus.hu\/index.php\/wp-json\/wp\/v2\/posts"}],"about":[{"href":"https:\/\/kaposvarievangelikus.hu\/index.php\/wp-json\/wp\/v2\/types\/post"}],"author":[{"embeddable":true,"href":"https:\/\/kaposvarievangelikus.hu\/index.php\/wp-json\/wp\/v2\/users\/2"}],"replies":[{"embeddable":true,"href":"https:\/\/kaposvarievangelikus.hu\/index.php\/wp-json\/wp\/v2\/comments?post=2794"}],"version-history":[{"count":3,"href":"https:\/\/kaposvarievangelikus.hu\/index.php\/wp-json\/wp\/v2\/posts\/2794\/revisions"}],"predecessor-version":[{"id":2814,"href":"https:\/\/kaposvarievangelikus.hu\/index.php\/wp-json\/wp\/v2\/posts\/2794\/revisions\/2814"}],"wp:featuredmedia":[{"embeddable":true,"href":"https:\/\/kaposvarievangelikus.hu\/index.php\/wp-json\/wp\/v2\/media\/2797"}],"wp:attachment":[{"href":"https:\/\/kaposvarievangelikus.hu\/index.php\/wp-json\/wp\/v2\/media?parent=2794"}],"wp:term":[{"taxonomy":"category","embeddable":true,"href":"https:\/\/kaposvarievangelikus.hu\/index.php\/wp-json\/wp\/v2\/categories?post=2794"},{"taxonomy":"post_tag","embeddable":true,"href":"https:\/\/kaposvarievangelikus.hu\/index.php\/wp-json\/wp\/v2\/tags?post=2794"}],"curies":[{"name":"wp","href":"https:\/\/api.w.org\/{rel}","templated":true}]}}