{"id":2786,"date":"2025-12-04T09:23:54","date_gmt":"2025-12-04T09:23:54","guid":{"rendered":"https:\/\/kaposvarievangelikus.hu\/?p=2786"},"modified":"2025-12-04T09:29:44","modified_gmt":"2025-12-04T09:29:44","slug":"adventi-gyertyagyujtas-a-berzsenyi-daniel-evangelikus-altalanos-iskolaban","status":"publish","type":"post","link":"https:\/\/kaposvarievangelikus.hu\/index.php\/2025\/12\/04\/adventi-gyertyagyujtas-a-berzsenyi-daniel-evangelikus-altalanos-iskolaban\/","title":{"rendered":"Adventi gyertyagy\u00fajt\u00e1s a Berzsenyi D\u00e1niel Evang\u00e9likus \u00c1ltal\u00e1nos Iskol\u00e1ban"},"content":{"rendered":"<p><img loading=\"lazy\" decoding=\"async\" class=\"alignnone size-medium wp-image-2789\" src=\"https:\/\/kaposvarievangelikus.hu\/wp-content\/uploads\/2025\/12\/FB_IMG_1764840011126-300x185.jpg\" alt=\"\" width=\"300\" height=\"185\" srcset=\"https:\/\/kaposvarievangelikus.hu\/wp-content\/uploads\/2025\/12\/FB_IMG_1764840011126-300x185.jpg 300w, https:\/\/kaposvarievangelikus.hu\/wp-content\/uploads\/2025\/12\/FB_IMG_1764840011126-1024x631.jpg 1024w, https:\/\/kaposvarievangelikus.hu\/wp-content\/uploads\/2025\/12\/FB_IMG_1764840011126-768x473.jpg 768w, https:\/\/kaposvarievangelikus.hu\/wp-content\/uploads\/2025\/12\/FB_IMG_1764840011126.jpg 1136w\" sizes=\"auto, (max-width: 300px) 100vw, 300px\" \/><\/p>\n<p>Ma az iskol\u00e1ban fellobbant az els\u0151 adventi gyertya l\u00e1ngja, a 4. oszt\u00e1lyosok versei pedig m\u00e9g \u00fcnnepibb\u00e9 tett\u00e9k a pillanatot. \ud83e\udd70<br \/>\nAz \u00e1h\u00edtaton a templomban is meggy\u00fajtottuk a gyerty\u00e1t, meghitt kezdetet adva advent\u00fcnknek.\ud83d\udc96<\/p>\n<p><a href=\"https:\/\/www.facebook.com\/share\/r\/1aUhNv7iDy\/\">https:\/\/www.facebook.com\/share\/r\/1aUhNv7iDy\/<\/a><\/p>\n<p>&nbsp;<\/p>\n","protected":false},"excerpt":{"rendered":"<p class=\"post-excerpt\">Ma az iskol\u00e1ban fellobbant az els\u0151 adventi gyertya l\u00e1ngja, a 4. oszt\u00e1lyosok versei pedig m\u00e9g \u00fcnnepibb\u00e9 tett\u00e9k a pillanatot. \ud83e\udd70&#8230;<\/p>\n","protected":false},"author":2,"featured_media":2788,"comment_status":"closed","ping_status":"open","sticky":false,"template":"","format":"standard","meta":{"ngg_post_thumbnail":0,"footnotes":""},"categories":[4],"tags":[],"class_list":["post-2786","post","type-post","status-publish","format-standard","has-post-thumbnail","hentry","category-aktualis"],"_links":{"self":[{"href":"https:\/\/kaposvarievangelikus.hu\/index.php\/wp-json\/wp\/v2\/posts\/2786","targetHints":{"allow":["GET"]}}],"collection":[{"href":"https:\/\/kaposvarievangelikus.hu\/index.php\/wp-json\/wp\/v2\/posts"}],"about":[{"href":"https:\/\/kaposvarievangelikus.hu\/index.php\/wp-json\/wp\/v2\/types\/post"}],"author":[{"embeddable":true,"href":"https:\/\/kaposvarievangelikus.hu\/index.php\/wp-json\/wp\/v2\/users\/2"}],"replies":[{"embeddable":true,"href":"https:\/\/kaposvarievangelikus.hu\/index.php\/wp-json\/wp\/v2\/comments?post=2786"}],"version-history":[{"count":5,"href":"https:\/\/kaposvarievangelikus.hu\/index.php\/wp-json\/wp\/v2\/posts\/2786\/revisions"}],"predecessor-version":[{"id":2793,"href":"https:\/\/kaposvarievangelikus.hu\/index.php\/wp-json\/wp\/v2\/posts\/2786\/revisions\/2793"}],"wp:featuredmedia":[{"embeddable":true,"href":"https:\/\/kaposvarievangelikus.hu\/index.php\/wp-json\/wp\/v2\/media\/2788"}],"wp:attachment":[{"href":"https:\/\/kaposvarievangelikus.hu\/index.php\/wp-json\/wp\/v2\/media?parent=2786"}],"wp:term":[{"taxonomy":"category","embeddable":true,"href":"https:\/\/kaposvarievangelikus.hu\/index.php\/wp-json\/wp\/v2\/categories?post=2786"},{"taxonomy":"post_tag","embeddable":true,"href":"https:\/\/kaposvarievangelikus.hu\/index.php\/wp-json\/wp\/v2\/tags?post=2786"}],"curies":[{"name":"wp","href":"https:\/\/api.w.org\/{rel}","templated":true}]}}