{"id":2231,"date":"2025-10-02T08:44:32","date_gmt":"2025-10-02T08:44:32","guid":{"rendered":"https:\/\/kaposvarievangelikus.hu\/?p=2231"},"modified":"2025-10-22T13:14:21","modified_gmt":"2025-10-22T13:14:21","slug":"gyulekezeti-hetvege","status":"publish","type":"post","link":"https:\/\/kaposvarievangelikus.hu\/index.php\/2025\/10\/02\/gyulekezeti-hetvege\/","title":{"rendered":"Gy\u00fclekezeti h\u00e9tv\u00e9ge"},"content":{"rendered":"<p>\u2728 Gy\u00fclekezeti H\u00e9tv\u00e9ge Balatonsz\u00e1rsz\u00f3n \u2728<br \/>\n2025. November 21\u201323.<br \/>\nBalatonsz\u00e1rsz\u00f3, J\u00f3kai M\u00f3r u. 41.<\/p>\n<p>Szeretettel h\u00edvunk \u00e9s v\u00e1runk mindenkit egy k\u00fcl\u00f6nleges h\u00e9tv\u00e9g\u00e9re, ahol lelki felt\u00f6lt\u0151d\u00e9s, k\u00f6z\u00f6ss\u00e9gi \u00e9lm\u00e9nyek \u00e9s tartalmas programok v\u00e1rnak r\u00e1d!&nbsp;<\/p>\n<p>&nbsp;El\u0151ad\u00e1sok \u2013 teol\u00f3giai gondolatok, gyakorlatias besz\u00e9lget\u00e9sek<br \/>\n&nbsp;\u00c1h\u00edtatok \u2013 k\u00f6z\u00f6s reggeli \u00e9s esti alkalmak, vas\u00e1rnapi \u00farvacsor\u00e1s istentisztelet<br \/>\nProgramok \u2013 filmklub, evang\u00e9likus kv\u00edz, gasztron\u00f3miai \u00e9lm\u00e9nyek \u201eEgy asztaln\u00e1l Lutherrel\u201d<br \/>\nGyerekfoglalkoz\u00e1sok \u2013 a kicsiknek k\u00fcl\u00f6n program \u00e9s filmn\u00e9z\u00e9s<\/p>\n<p>Teljes ell\u00e1t\u00e1ssal: 20.000 Ft<\/p>\n<p>\ud83d\udce9 Jelentkez\u00e9s \u00e9s inform\u00e1ci\u00f3:<br \/>\n\u2709\ufe0f gabor.hegedus@lutheran.hu<\/p>\n<p>\ud83d\udcde 06-20-933-3379<\/p>\n<p>Gyere el, \u00e9s \u00e9ld \u00e1t a k\u00f6z\u00f6ss\u00e9g \u00e9s a hit \u00f6r\u00f6m\u00e9t a Balaton partj\u00e1n!&nbsp;<\/p>\n<p><img loading=\"lazy\" decoding=\"async\" class=\"alignnone size-medium wp-image-2233\" src=\"https:\/\/kaposvarievangelikus.hu\/wp-content\/uploads\/2025\/10\/FB_IMG_1759394432793-212x300.jpg\" alt=\"\" width=\"212\" height=\"300\" srcset=\"https:\/\/kaposvarievangelikus.hu\/wp-content\/uploads\/2025\/10\/FB_IMG_1759394432793-212x300.jpg 212w, https:\/\/kaposvarievangelikus.hu\/wp-content\/uploads\/2025\/10\/FB_IMG_1759394432793-724x1024.jpg 724w, https:\/\/kaposvarievangelikus.hu\/wp-content\/uploads\/2025\/10\/FB_IMG_1759394432793-768x1086.jpg 768w, https:\/\/kaposvarievangelikus.hu\/wp-content\/uploads\/2025\/10\/FB_IMG_1759394432793-1086x1536.jpg 1086w, https:\/\/kaposvarievangelikus.hu\/wp-content\/uploads\/2025\/10\/FB_IMG_1759394432793-1140x1612.jpg 1140w, https:\/\/kaposvarievangelikus.hu\/wp-content\/uploads\/2025\/10\/FB_IMG_1759394432793.jpg 1414w\" sizes=\"auto, (max-width: 212px) 100vw, 212px\" \/><\/p>\n<p>&nbsp;<\/p>\n<p>&nbsp;<\/p>\n","protected":false},"excerpt":{"rendered":"<p class=\"post-excerpt\">\u2728 Gy\u00fclekezeti H\u00e9tv\u00e9ge Balatonsz\u00e1rsz\u00f3n \u2728 2025. November 21\u201323. Balatonsz\u00e1rsz\u00f3, J\u00f3kai M\u00f3r u. 41. Szeretettel h\u00edvunk \u00e9s v\u00e1runk mindenkit egy k\u00fcl\u00f6nleges&#8230;<\/p>\n","protected":false},"author":2,"featured_media":2233,"comment_status":"closed","ping_status":"open","sticky":false,"template":"","format":"standard","meta":{"ngg_post_thumbnail":0,"footnotes":""},"categories":[4],"tags":[],"class_list":["post-2231","post","type-post","status-publish","format-standard","has-post-thumbnail","hentry","category-aktualis"],"_links":{"self":[{"href":"https:\/\/kaposvarievangelikus.hu\/index.php\/wp-json\/wp\/v2\/posts\/2231","targetHints":{"allow":["GET"]}}],"collection":[{"href":"https:\/\/kaposvarievangelikus.hu\/index.php\/wp-json\/wp\/v2\/posts"}],"about":[{"href":"https:\/\/kaposvarievangelikus.hu\/index.php\/wp-json\/wp\/v2\/types\/post"}],"author":[{"embeddable":true,"href":"https:\/\/kaposvarievangelikus.hu\/index.php\/wp-json\/wp\/v2\/users\/2"}],"replies":[{"embeddable":true,"href":"https:\/\/kaposvarievangelikus.hu\/index.php\/wp-json\/wp\/v2\/comments?post=2231"}],"version-history":[{"count":2,"href":"https:\/\/kaposvarievangelikus.hu\/index.php\/wp-json\/wp\/v2\/posts\/2231\/revisions"}],"predecessor-version":[{"id":2234,"href":"https:\/\/kaposvarievangelikus.hu\/index.php\/wp-json\/wp\/v2\/posts\/2231\/revisions\/2234"}],"wp:featuredmedia":[{"embeddable":true,"href":"https:\/\/kaposvarievangelikus.hu\/index.php\/wp-json\/wp\/v2\/media\/2233"}],"wp:attachment":[{"href":"https:\/\/kaposvarievangelikus.hu\/index.php\/wp-json\/wp\/v2\/media?parent=2231"}],"wp:term":[{"taxonomy":"category","embeddable":true,"href":"https:\/\/kaposvarievangelikus.hu\/index.php\/wp-json\/wp\/v2\/categories?post=2231"},{"taxonomy":"post_tag","embeddable":true,"href":"https:\/\/kaposvarievangelikus.hu\/index.php\/wp-json\/wp\/v2\/tags?post=2231"}],"curies":[{"name":"wp","href":"https:\/\/api.w.org\/{rel}","templated":true}]}}