{"id":2169,"date":"2025-09-28T06:50:18","date_gmt":"2025-09-28T06:50:18","guid":{"rendered":"https:\/\/kaposvarievangelikus.hu\/?p=2169"},"modified":"2025-10-01T13:21:09","modified_gmt":"2025-10-01T13:21:09","slug":"evangelikus-konfirmandusok-orszagos-talalkozoja","status":"publish","type":"post","link":"https:\/\/kaposvarievangelikus.hu\/index.php\/2025\/09\/28\/evangelikus-konfirmandusok-orszagos-talalkozoja\/","title":{"rendered":"Evang\u00e9likus Konfirmandusok Orsz\u00e1gos Tal\u00e1lkoz\u00f3ja"},"content":{"rendered":"<p>Fiatalok, k\u00f6z\u00f6ss\u00e9g, \u00e9lm\u00e9nyek!&nbsp;<\/p>\n<p>Evang\u00e9likus Konfirmandusok Orsz\u00e1gos Tal\u00e1lkoz\u00f3ja!&nbsp;<\/p>\n<p>Gy\u00fclekezet\u00fcnk id\u00e9n konfirm\u00e1lt fiataljai \u00e9s ifisei egy fantasztikus napot t\u00f6lthettek Budapesten, ahol egy\u00fctt t\u00f6ltekeztek l\u00e9lekben, k\u00f6z\u00f6ss\u00e9gben \u00e9s \u00f6r\u00f6mben.<\/p>\n<p>Rengeteg evang\u00e9likus fiatallal tal\u00e1lkozhattunk \u00e9s ismerkedhett\u00fcnk, hazafel\u00e9 pedig a sz\u00e1guld\u00e1s \u00e9lm\u00e9ny\u00e9t \u00e9lvezhett\u00fck a SilverKart gokartp\u00e1ly\u00e1n!&nbsp;<\/p>\n<p>Isten \u00e1ldja gy\u00fclekezet\u00fcnk \u00e9s egyh\u00e1zunk k\u00f6vetkez\u0151 nemzed\u00e9k\u00e9t!&nbsp;<\/p>\nngg_shortcode_0_placeholder\n","protected":false},"excerpt":{"rendered":"<p class=\"post-excerpt\">Fiatalok, k\u00f6z\u00f6ss\u00e9g, \u00e9lm\u00e9nyek!&nbsp; Evang\u00e9likus Konfirmandusok Orsz\u00e1gos Tal\u00e1lkoz\u00f3ja!&nbsp; Gy\u00fclekezet\u00fcnk id\u00e9n konfirm\u00e1lt fiataljai \u00e9s ifisei egy fantasztikus napot t\u00f6lthettek Budapesten, ahol egy\u00fctt&#8230;<\/p>\n","protected":false},"author":2,"featured_media":2174,"comment_status":"closed","ping_status":"open","sticky":false,"template":"","format":"standard","meta":{"ngg_post_thumbnail":0,"footnotes":""},"categories":[4],"tags":[],"class_list":["post-2169","post","type-post","status-publish","format-standard","has-post-thumbnail","hentry","category-aktualis"],"_links":{"self":[{"href":"https:\/\/kaposvarievangelikus.hu\/index.php\/wp-json\/wp\/v2\/posts\/2169","targetHints":{"allow":["GET"]}}],"collection":[{"href":"https:\/\/kaposvarievangelikus.hu\/index.php\/wp-json\/wp\/v2\/posts"}],"about":[{"href":"https:\/\/kaposvarievangelikus.hu\/index.php\/wp-json\/wp\/v2\/types\/post"}],"author":[{"embeddable":true,"href":"https:\/\/kaposvarievangelikus.hu\/index.php\/wp-json\/wp\/v2\/users\/2"}],"replies":[{"embeddable":true,"href":"https:\/\/kaposvarievangelikus.hu\/index.php\/wp-json\/wp\/v2\/comments?post=2169"}],"version-history":[{"count":3,"href":"https:\/\/kaposvarievangelikus.hu\/index.php\/wp-json\/wp\/v2\/posts\/2169\/revisions"}],"predecessor-version":[{"id":2230,"href":"https:\/\/kaposvarievangelikus.hu\/index.php\/wp-json\/wp\/v2\/posts\/2169\/revisions\/2230"}],"wp:featuredmedia":[{"embeddable":true,"href":"https:\/\/kaposvarievangelikus.hu\/index.php\/wp-json\/wp\/v2\/media\/2174"}],"wp:attachment":[{"href":"https:\/\/kaposvarievangelikus.hu\/index.php\/wp-json\/wp\/v2\/media?parent=2169"}],"wp:term":[{"taxonomy":"category","embeddable":true,"href":"https:\/\/kaposvarievangelikus.hu\/index.php\/wp-json\/wp\/v2\/categories?post=2169"},{"taxonomy":"post_tag","embeddable":true,"href":"https:\/\/kaposvarievangelikus.hu\/index.php\/wp-json\/wp\/v2\/tags?post=2169"}],"curies":[{"name":"wp","href":"https:\/\/api.w.org\/{rel}","templated":true}]}}