{"id":2164,"date":"2025-09-25T12:23:22","date_gmt":"2025-09-25T12:23:22","guid":{"rendered":"https:\/\/kaposvarievangelikus.hu\/?p=2164"},"modified":"2025-10-02T08:39:17","modified_gmt":"2025-10-02T08:39:17","slug":"evangelikus-noegylet-esemenysorozat","status":"publish","type":"post","link":"https:\/\/kaposvarievangelikus.hu\/index.php\/2025\/09\/25\/evangelikus-noegylet-esemenysorozat\/","title":{"rendered":"Evang\u00e9likus N\u0151egylet esem\u00e9nysorozat"},"content":{"rendered":"<p>Evang\u00e9likus N\u0151egylet esem\u00e9nysorozat!<br \/>\n\u2728\u0150k is mi vagyunk \u2013 N\u0151k a Biblia kor\u00e1b\u00f3l \u2728<\/p>\n<p>Szeretettel h\u00edvunk minden \u00e9rdekl\u0151d\u0151t k\u00e9t k\u00fcl\u00f6nleges alkalomra, ahol egy\u00fctt fedezhetj\u00fck fel a bibliai n\u0151k \u00e9let\u00e9t, szerep\u00e9t \u00e9s \u00fczenet\u00e9t \u2013 a m\u00faltb\u00f3l a jelenbe!<\/p>\n<p>\ud83d\udcd6 T\u00e9m\u00e1ink:<br \/>\n\ud83d\udd39 Mit tehettek? Miben voltak er\u0151sek?<br \/>\n\ud83d\uddd3\ufe0f 2025. okt\u00f3ber 1. (szerda) 17:30<\/p>\n<p>\ud83d\udd39 Milyen feladataik voltak otthon \u00e9s a k\u00f6z\u00f6ss\u00e9gben?<br \/>\n\ud83d\uddd3\ufe0f 2025. november 5. (szerda) 17:30<\/p>\n<p>\ud83d\udccd Helysz\u00edn: Kaposv\u00e1r, Kossuth u. 39.<\/p>\n<p>Gyere, ismerd meg vel\u00fcnk azokat az asszonyokat, akik hit\u00fckkel, b\u00e1tors\u00e1gukkal \u00e9s szeretet\u00fckkel ma is p\u00e9ld\u00e1t mutatnak!<\/p>\n<p><img loading=\"lazy\" decoding=\"async\" class=\"alignnone size-medium wp-image-2166\" src=\"https:\/\/kaposvarievangelikus.hu\/wp-content\/uploads\/2025\/09\/FB_IMG_1758802747460-300x251.jpg\" alt=\"\" width=\"300\" height=\"251\" srcset=\"https:\/\/kaposvarievangelikus.hu\/wp-content\/uploads\/2025\/09\/FB_IMG_1758802747460-300x251.jpg 300w, https:\/\/kaposvarievangelikus.hu\/wp-content\/uploads\/2025\/09\/FB_IMG_1758802747460-768x644.jpg 768w, https:\/\/kaposvarievangelikus.hu\/wp-content\/uploads\/2025\/09\/FB_IMG_1758802747460.jpg 940w\" sizes=\"auto, (max-width: 300px) 100vw, 300px\" \/><\/p>\n<p>&nbsp;V\u00e1runk szeretettel \u2013 egy inspir\u00e1l\u00f3, k\u00f6z\u00f6ss\u00e9gi est\u00e9re!<\/p>\n<p>&nbsp;<\/p>\n","protected":false},"excerpt":{"rendered":"<p class=\"post-excerpt\">Evang\u00e9likus N\u0151egylet esem\u00e9nysorozat! \u2728\u0150k is mi vagyunk \u2013 N\u0151k a Biblia kor\u00e1b\u00f3l \u2728 Szeretettel h\u00edvunk minden \u00e9rdekl\u0151d\u0151t k\u00e9t k\u00fcl\u00f6nleges alkalomra,&#8230;<\/p>\n","protected":false},"author":2,"featured_media":2166,"comment_status":"closed","ping_status":"open","sticky":false,"template":"","format":"standard","meta":{"ngg_post_thumbnail":0,"footnotes":""},"categories":[4],"tags":[],"class_list":["post-2164","post","type-post","status-publish","format-standard","has-post-thumbnail","hentry","category-aktualis"],"_links":{"self":[{"href":"https:\/\/kaposvarievangelikus.hu\/index.php\/wp-json\/wp\/v2\/posts\/2164","targetHints":{"allow":["GET"]}}],"collection":[{"href":"https:\/\/kaposvarievangelikus.hu\/index.php\/wp-json\/wp\/v2\/posts"}],"about":[{"href":"https:\/\/kaposvarievangelikus.hu\/index.php\/wp-json\/wp\/v2\/types\/post"}],"author":[{"embeddable":true,"href":"https:\/\/kaposvarievangelikus.hu\/index.php\/wp-json\/wp\/v2\/users\/2"}],"replies":[{"embeddable":true,"href":"https:\/\/kaposvarievangelikus.hu\/index.php\/wp-json\/wp\/v2\/comments?post=2164"}],"version-history":[{"count":3,"href":"https:\/\/kaposvarievangelikus.hu\/index.php\/wp-json\/wp\/v2\/posts\/2164\/revisions"}],"predecessor-version":[{"id":2168,"href":"https:\/\/kaposvarievangelikus.hu\/index.php\/wp-json\/wp\/v2\/posts\/2164\/revisions\/2168"}],"wp:featuredmedia":[{"embeddable":true,"href":"https:\/\/kaposvarievangelikus.hu\/index.php\/wp-json\/wp\/v2\/media\/2166"}],"wp:attachment":[{"href":"https:\/\/kaposvarievangelikus.hu\/index.php\/wp-json\/wp\/v2\/media?parent=2164"}],"wp:term":[{"taxonomy":"category","embeddable":true,"href":"https:\/\/kaposvarievangelikus.hu\/index.php\/wp-json\/wp\/v2\/categories?post=2164"},{"taxonomy":"post_tag","embeddable":true,"href":"https:\/\/kaposvarievangelikus.hu\/index.php\/wp-json\/wp\/v2\/tags?post=2164"}],"curies":[{"name":"wp","href":"https:\/\/api.w.org\/{rel}","templated":true}]}}