{"id":2010,"date":"2025-09-11T06:13:11","date_gmt":"2025-09-11T06:13:11","guid":{"rendered":"https:\/\/kaposvarievangelikus.hu\/?p=2010"},"modified":"2025-09-11T06:13:18","modified_gmt":"2025-09-11T06:13:18","slug":"keresok-oraja","status":"publish","type":"post","link":"https:\/\/kaposvarievangelikus.hu\/index.php\/2025\/09\/11\/keresok-oraja\/","title":{"rendered":"Keres\u0151k \u00f3r\u00e1ja"},"content":{"rendered":"<p>&nbsp;Keres\u0151k \u00f3r\u00e1ja \u2013 Egyek a Krisztusban?&nbsp;<\/p>\n<p>Ki vagyok \u00e9n? Kik vagyunk mi?<br \/>\nMit kezdj\u00fcnk az identit\u00e1s, sokf\u00e9les\u00e9g \u00e9s k\u00fcl\u00f6nb\u00f6z\u0151s\u00e9g k\u00e9rd\u00e9seivel?<br \/>\nHogyan adhat \u00faj alapot az evang\u00e9lium az \u00e9let\u00fcnknek?<\/p>\n<p>\ud83d\udcc5 2025. szeptember 17. (szerda) 17:30<br \/>\n\ud83d\udccd Kaposv\u00e1ri Evang\u00e9likus Gy\u00fclekezet<\/p>\n<p>T\u00e9mavezet\u0151: Heged\u00fcs G\u00e1bor<br \/>\n&nbsp;El\u0151ad\u00e1s \u2013 besz\u00e9lget\u00e9s \u2013 szeretetvend\u00e9gs\u00e9g<\/p>\n<p>Gyere el, ha keresed a v\u00e1laszt arra, hogyan lehet\u00fcnk val\u00f3ban egyek Krisztusban a sokf\u00e9les\u00e9g .<\/p>\n<p><img loading=\"lazy\" decoding=\"async\" class=\"alignnone size-medium wp-image-2012\" src=\"https:\/\/kaposvarievangelikus.hu\/wp-content\/uploads\/2025\/09\/FB_IMG_1757570934886-212x300.jpg\" alt=\"\" width=\"212\" height=\"300\" srcset=\"https:\/\/kaposvarievangelikus.hu\/wp-content\/uploads\/2025\/09\/FB_IMG_1757570934886-212x300.jpg 212w, https:\/\/kaposvarievangelikus.hu\/wp-content\/uploads\/2025\/09\/FB_IMG_1757570934886-724x1024.jpg 724w, https:\/\/kaposvarievangelikus.hu\/wp-content\/uploads\/2025\/09\/FB_IMG_1757570934886-768x1086.jpg 768w, https:\/\/kaposvarievangelikus.hu\/wp-content\/uploads\/2025\/09\/FB_IMG_1757570934886-1086x1536.jpg 1086w, https:\/\/kaposvarievangelikus.hu\/wp-content\/uploads\/2025\/09\/FB_IMG_1757570934886-1140x1612.jpg 1140w, https:\/\/kaposvarievangelikus.hu\/wp-content\/uploads\/2025\/09\/FB_IMG_1757570934886.jpg 1448w\" sizes=\"auto, (max-width: 212px) 100vw, 212px\" \/><\/p>\n<p>&nbsp;<\/p>\n","protected":false},"excerpt":{"rendered":"<p class=\"post-excerpt\">&nbsp;Keres\u0151k \u00f3r\u00e1ja \u2013 Egyek a Krisztusban?&nbsp; Ki vagyok \u00e9n? Kik vagyunk mi? Mit kezdj\u00fcnk az identit\u00e1s, sokf\u00e9les\u00e9g \u00e9s k\u00fcl\u00f6nb\u00f6z\u0151s\u00e9g k\u00e9rd\u00e9seivel?&#8230;<\/p>\n","protected":false},"author":2,"featured_media":2012,"comment_status":"closed","ping_status":"open","sticky":false,"template":"","format":"standard","meta":{"ngg_post_thumbnail":0,"footnotes":""},"categories":[4],"tags":[],"class_list":["post-2010","post","type-post","status-publish","format-standard","has-post-thumbnail","hentry","category-aktualis"],"_links":{"self":[{"href":"https:\/\/kaposvarievangelikus.hu\/index.php\/wp-json\/wp\/v2\/posts\/2010","targetHints":{"allow":["GET"]}}],"collection":[{"href":"https:\/\/kaposvarievangelikus.hu\/index.php\/wp-json\/wp\/v2\/posts"}],"about":[{"href":"https:\/\/kaposvarievangelikus.hu\/index.php\/wp-json\/wp\/v2\/types\/post"}],"author":[{"embeddable":true,"href":"https:\/\/kaposvarievangelikus.hu\/index.php\/wp-json\/wp\/v2\/users\/2"}],"replies":[{"embeddable":true,"href":"https:\/\/kaposvarievangelikus.hu\/index.php\/wp-json\/wp\/v2\/comments?post=2010"}],"version-history":[{"count":1,"href":"https:\/\/kaposvarievangelikus.hu\/index.php\/wp-json\/wp\/v2\/posts\/2010\/revisions"}],"predecessor-version":[{"id":2013,"href":"https:\/\/kaposvarievangelikus.hu\/index.php\/wp-json\/wp\/v2\/posts\/2010\/revisions\/2013"}],"wp:featuredmedia":[{"embeddable":true,"href":"https:\/\/kaposvarievangelikus.hu\/index.php\/wp-json\/wp\/v2\/media\/2012"}],"wp:attachment":[{"href":"https:\/\/kaposvarievangelikus.hu\/index.php\/wp-json\/wp\/v2\/media?parent=2010"}],"wp:term":[{"taxonomy":"category","embeddable":true,"href":"https:\/\/kaposvarievangelikus.hu\/index.php\/wp-json\/wp\/v2\/categories?post=2010"},{"taxonomy":"post_tag","embeddable":true,"href":"https:\/\/kaposvarievangelikus.hu\/index.php\/wp-json\/wp\/v2\/tags?post=2010"}],"curies":[{"name":"wp","href":"https:\/\/api.w.org\/{rel}","templated":true}]}}