{"id":1956,"date":"2025-09-06T18:25:48","date_gmt":"2025-09-06T18:25:48","guid":{"rendered":"https:\/\/kaposvarievangelikus.hu\/?p=1956"},"modified":"2025-09-06T18:30:21","modified_gmt":"2025-09-06T18:30:21","slug":"tanevkezdes","status":"publish","type":"post","link":"https:\/\/kaposvarievangelikus.hu\/index.php\/2025\/09\/06\/tanevkezdes\/","title":{"rendered":"Tan\u00e9vkezd\u00e9s"},"content":{"rendered":"<p>&nbsp; &nbsp; &nbsp; &nbsp;\u00daj kezdet, k\u00f6z\u00f6s \u00fat&nbsp;<\/p>\n<p>Ma reggel a naps\u00fct\u00e9sben egy\u00fctt indultunk el a Berzsenyi Parkon \u00e1t \u00e9s k\u00f6z\u00f6sen l\u00e9pt\u00fcnk be az Evang\u00e9likus Templomba, hogy \u00fcnnep\u00e9lyesen megnyissuk az \u00faj tan\u00e9vet.<br \/>\nAz ismert dallamokat egy\u00fctt \u00e9nekelt\u00fck, a 4. oszt\u00e1lyosok versei \u00e9s az \u00e9nekkar el\u0151ad\u00e1sa pedig m\u00e9g ink\u00e1bb meger\u0151s\u00edtett\u00e9k benn\u00fcnk: \u00f6sszetartozunk.&nbsp;<br \/>\nK\u00fcl\u00f6nleges pillanat volt, amikor az els\u0151s\u00f6ket k\u00f6sz\u00f6nt\u00f6tt\u00fck. Arcukon a v\u00e1rakoz\u00e1s \u00e9s az izgalom t\u00fckr\u00f6z\u0151d\u00f6tt \u2013 hiszen sz\u00e1mukra most kezd\u0151dik az a hossz\u00fa \u00fat, amely tele lesz tanul\u00e1ssal, felfedez\u00e9ssel \u00e9s \u00e9lm\u00e9nyekkel.<br \/>\nAz aj\u00e1nd\u00e9k tolltart\u00f3 csak jelk\u00e9pe annak, hogy ett\u0151l a napt\u00f3l \u0151k is k\u00f6z\u00e9nk tartoznak. Iskol\u00e1nk \u00faj Igazgat\u00f3ja:Horv\u00e1th Bal\u00e1zs is k\u00f6sz\u00f6nt\u00f6tte k\u00f6z\u00f6ss\u00e9g\u00fcnket. Szavai arra eml\u00e9keztettek benn\u00fcnket, hogy minden tan\u00e9v \u00faj lehet\u0151s\u00e9g a tud\u00e1s, a fejl\u0151d\u00e9s \u00e9s egym\u00e1s t\u00e1mogat\u00e1s\u00e1nak \u00fatj\u00e1n. Hozzon eml\u00e9kezetes pillanatokat, \u00f6r\u00f6m\u00f6t \u00e9s gazdag \u00e9lm\u00e9nyeket.<\/p>\n<p>\u00cdgy indult ma az \u00faj tan\u00e9v: egy\u00fctt, k\u00f6z\u00f6ss\u00e9gben, hittel \u00e9s rem\u00e9nnyel.<br \/>\nLegyen ez a tan\u00e9v tele \u00faj felfedez\u00e9sekkel, \u00f6r\u00f6m\u00f6kkel \u00e9s bar\u00e1ts\u00e1ggal.&nbsp;<\/p>\n<p><img loading=\"lazy\" decoding=\"async\" class=\"alignnone size-medium wp-image-2003\" src=\"https:\/\/kaposvarievangelikus.hu\/wp-content\/uploads\/2025\/09\/FB_IMG_1757182798147-225x300.jpg\" alt=\"\" width=\"225\" height=\"300\" srcset=\"https:\/\/kaposvarievangelikus.hu\/wp-content\/uploads\/2025\/09\/FB_IMG_1757182798147-225x300.jpg 225w, https:\/\/kaposvarievangelikus.hu\/wp-content\/uploads\/2025\/09\/FB_IMG_1757182798147.jpg 724w\" sizes=\"auto, (max-width: 225px) 100vw, 225px\" \/><\/p>\n<p>&nbsp;<\/p>\n","protected":false},"excerpt":{"rendered":"<p class=\"post-excerpt\">&nbsp; &nbsp; &nbsp; &nbsp;\u00daj kezdet, k\u00f6z\u00f6s \u00fat&nbsp; Ma reggel a naps\u00fct\u00e9sben egy\u00fctt indultunk el a Berzsenyi Parkon \u00e1t \u00e9s k\u00f6z\u00f6sen&#8230;<\/p>\n","protected":false},"author":2,"featured_media":2000,"comment_status":"closed","ping_status":"open","sticky":false,"template":"","format":"standard","meta":{"ngg_post_thumbnail":0,"footnotes":""},"categories":[4],"tags":[],"class_list":["post-1956","post","type-post","status-publish","format-standard","has-post-thumbnail","hentry","category-aktualis"],"_links":{"self":[{"href":"https:\/\/kaposvarievangelikus.hu\/index.php\/wp-json\/wp\/v2\/posts\/1956","targetHints":{"allow":["GET"]}}],"collection":[{"href":"https:\/\/kaposvarievangelikus.hu\/index.php\/wp-json\/wp\/v2\/posts"}],"about":[{"href":"https:\/\/kaposvarievangelikus.hu\/index.php\/wp-json\/wp\/v2\/types\/post"}],"author":[{"embeddable":true,"href":"https:\/\/kaposvarievangelikus.hu\/index.php\/wp-json\/wp\/v2\/users\/2"}],"replies":[{"embeddable":true,"href":"https:\/\/kaposvarievangelikus.hu\/index.php\/wp-json\/wp\/v2\/comments?post=1956"}],"version-history":[{"count":5,"href":"https:\/\/kaposvarievangelikus.hu\/index.php\/wp-json\/wp\/v2\/posts\/1956\/revisions"}],"predecessor-version":[{"id":2005,"href":"https:\/\/kaposvarievangelikus.hu\/index.php\/wp-json\/wp\/v2\/posts\/1956\/revisions\/2005"}],"wp:featuredmedia":[{"embeddable":true,"href":"https:\/\/kaposvarievangelikus.hu\/index.php\/wp-json\/wp\/v2\/media\/2000"}],"wp:attachment":[{"href":"https:\/\/kaposvarievangelikus.hu\/index.php\/wp-json\/wp\/v2\/media?parent=1956"}],"wp:term":[{"taxonomy":"category","embeddable":true,"href":"https:\/\/kaposvarievangelikus.hu\/index.php\/wp-json\/wp\/v2\/categories?post=1956"},{"taxonomy":"post_tag","embeddable":true,"href":"https:\/\/kaposvarievangelikus.hu\/index.php\/wp-json\/wp\/v2\/tags?post=1956"}],"curies":[{"name":"wp","href":"https:\/\/api.w.org\/{rel}","templated":true}]}}