{"id":1567,"date":"2025-06-23T14:49:55","date_gmt":"2025-06-23T14:49:55","guid":{"rendered":"https:\/\/kaposvarievangelikus.hu\/?p=1567"},"modified":"2025-06-23T14:50:00","modified_gmt":"2025-06-23T14:50:00","slug":"tanevzaras-2025","status":"publish","type":"post","link":"https:\/\/kaposvarievangelikus.hu\/index.php\/2025\/06\/23\/tanevzaras-2025\/","title":{"rendered":"Tan\u00e9vz\u00e1r\u00e1s 2025"},"content":{"rendered":"<p>Ezennel hivatalosan is lez\u00e1rtuk \u00e9s meg\u00fcnnepelt\u00fck a 2024\/2025-\u00f6s tan- \u00e9s munka\u00e9vet! Meg\u00e1ldottuk a gyerekeket, pedag\u00f3gusokat \u00e9s gondoz\u00f3kat, h\u00e1l\u00e1t adtunk a K\u00f3rus, Kamarazenekar \u00e9s a L\u00e9lekv\u00e1r sikerei\u00e9rt, \u00e9s a gy\u00fclekezet k\u00f6z\u00f6ss\u00e9g\u00e9ben lelt\u00fcnk \u00f6r\u00f6m\u00f6t!<br \/>\nH\u00e1l\u00e1t adunk Istennek az elm\u00falt \u00e9v\u00e9rt, \u00e9s \u00e1ldja meg \u00f6r\u00f6m\u00f6kkel az el\u0151tt\u00fcnk \u00e1ll\u00f3 nyarat!<\/p>\nngg_shortcode_0_placeholder\n","protected":false},"excerpt":{"rendered":"<p class=\"post-excerpt\">Ezennel hivatalosan is lez\u00e1rtuk \u00e9s meg\u00fcnnepelt\u00fck a 2024\/2025-\u00f6s tan- \u00e9s munka\u00e9vet! Meg\u00e1ldottuk a gyerekeket, pedag\u00f3gusokat \u00e9s gondoz\u00f3kat, h\u00e1l\u00e1t adtunk a&#8230;<\/p>\n","protected":false},"author":2,"featured_media":1635,"comment_status":"closed","ping_status":"open","sticky":false,"template":"","format":"standard","meta":{"ngg_post_thumbnail":0,"footnotes":""},"categories":[4],"tags":[],"class_list":["post-1567","post","type-post","status-publish","format-standard","has-post-thumbnail","hentry","category-aktualis"],"_links":{"self":[{"href":"https:\/\/kaposvarievangelikus.hu\/index.php\/wp-json\/wp\/v2\/posts\/1567","targetHints":{"allow":["GET"]}}],"collection":[{"href":"https:\/\/kaposvarievangelikus.hu\/index.php\/wp-json\/wp\/v2\/posts"}],"about":[{"href":"https:\/\/kaposvarievangelikus.hu\/index.php\/wp-json\/wp\/v2\/types\/post"}],"author":[{"embeddable":true,"href":"https:\/\/kaposvarievangelikus.hu\/index.php\/wp-json\/wp\/v2\/users\/2"}],"replies":[{"embeddable":true,"href":"https:\/\/kaposvarievangelikus.hu\/index.php\/wp-json\/wp\/v2\/comments?post=1567"}],"version-history":[{"count":3,"href":"https:\/\/kaposvarievangelikus.hu\/index.php\/wp-json\/wp\/v2\/posts\/1567\/revisions"}],"predecessor-version":[{"id":1636,"href":"https:\/\/kaposvarievangelikus.hu\/index.php\/wp-json\/wp\/v2\/posts\/1567\/revisions\/1636"}],"wp:featuredmedia":[{"embeddable":true,"href":"https:\/\/kaposvarievangelikus.hu\/index.php\/wp-json\/wp\/v2\/media\/1635"}],"wp:attachment":[{"href":"https:\/\/kaposvarievangelikus.hu\/index.php\/wp-json\/wp\/v2\/media?parent=1567"}],"wp:term":[{"taxonomy":"category","embeddable":true,"href":"https:\/\/kaposvarievangelikus.hu\/index.php\/wp-json\/wp\/v2\/categories?post=1567"},{"taxonomy":"post_tag","embeddable":true,"href":"https:\/\/kaposvarievangelikus.hu\/index.php\/wp-json\/wp\/v2\/tags?post=1567"}],"curies":[{"name":"wp","href":"https:\/\/api.w.org\/{rel}","templated":true}]}}