{"id":1256,"date":"2025-05-28T17:47:33","date_gmt":"2025-05-28T17:47:33","guid":{"rendered":"https:\/\/kaposvarievangelikus.hu\/?p=1256"},"modified":"2025-05-28T17:47:46","modified_gmt":"2025-05-28T17:47:46","slug":"rangos-elismeres-a-kaposvari-berzsenyi-daniel-evangelikus-iskolanak","status":"publish","type":"post","link":"https:\/\/kaposvarievangelikus.hu\/index.php\/2025\/05\/28\/rangos-elismeres-a-kaposvari-berzsenyi-daniel-evangelikus-iskolanak\/","title":{"rendered":"Rangos elismer\u00e9s a Kaposv\u00e1ri Berzsenyi D\u00e1niel Evang\u00e9likus Iskol\u00e1nak"},"content":{"rendered":"<p>Rangos elismer\u00e9sben r\u00e9szes\u00fclt a Kaposv\u00e1ri Evang\u00e9likus Iskola! Nem csak l\u00e9lekben, de a teremt\u00e9s v\u00e9delm\u00e9ben is er\u0151s v\u00e1r a Berzsenyi!<\/p>\n<p>\u00d6r\u00f6mmel \u00e9s b\u00fcszkes\u00e9ggel osztjuk meg a h\u00edrt, hogy int\u00e9zm\u00e9ny\u00fcnk elnyerte az \u00d6r\u00f6k\u00f6s \u00d6koiskola c\u00edmet!&nbsp;<br \/>\nEz a rangos elismer\u00e9s t\u00f6bb\u00e9ves k\u00f6vetkezetes, elhivatott \u00e9s k\u00f6z\u00f6ss\u00e9gi \u00f6sszefog\u00e1son alapul\u00f3 k\u00f6rnyezettudatos munk\u00e1nk gy\u00fcm\u00f6lcse. A 2025. \u00e9vi \u00d6koiskola-c\u00edm\u00e1tad\u00f3 \u00fcnneps\u00e9gre a Dunakeszi IV. B\u00e9la Kir\u00e1ly Gimn\u00e1ziumban ker\u00fclt sor, ahol iskol\u00e1nk Igazgat\u00f3n\u0151je, Husz\u00e1rn\u00e9 Forintos M\u00f3nika az elismer\u0151 oklevelet Dr. P\u00e1lmai Gergely, a szakk\u00e9pz\u00e9s\u00e9rt felel\u0151s helyettes \u00c1llamtitk\u00e1r \u00dart\u00f3l vehette \u00e1t.<br \/>\nEz\u00faton is h\u00e1l\u00e1san k\u00f6sz\u00f6nj\u00fck mindenkinek, aki b\u00e1rmilyen form\u00e1ban hozz\u00e1j\u00e1rult a k\u00f6z\u00f6s sikerhez \u2013 pedag\u00f3gusoknak, di\u00e1koknak, sz\u00fcl\u0151knek.<br \/>\nAz elismer\u00e9s nem c\u00e9l, hanem meger\u0151s\u00edt\u00e9s: j\u00f3 \u00faton j\u00e1runk. Elk\u00f6telezettek vagyunk abban, hogy a j\u00f6v\u0151ben is folytassuk ezt a munk\u00e1t, \u00e9s egy\u00fctt tegy\u00fcnk egy \u00e9lhet\u0151bb, fenntarthat\u00f3bb vil\u00e1g\u00e9rt \u2013 minden nap, minden apr\u00f3 l\u00e9p\u00e9ssel.&nbsp;<\/p>\n<p><img loading=\"lazy\" decoding=\"async\" class=\"alignnone size-thumbnail wp-image-1262\" src=\"https:\/\/kaposvarievangelikus.hu\/wp-content\/uploads\/2025\/05\/FB_IMG_1748453570789-150x150.jpg\" alt=\"\" width=\"150\" height=\"150\"><img loading=\"lazy\" decoding=\"async\" class=\"alignnone size-thumbnail wp-image-1261\" src=\"https:\/\/kaposvarievangelikus.hu\/wp-content\/uploads\/2025\/05\/FB_IMG_1748453564994-150x150.jpg\" alt=\"\" width=\"150\" height=\"150\"><\/p>\n<p><img loading=\"lazy\" decoding=\"async\" class=\"alignnone size-thumbnail wp-image-1263\" src=\"https:\/\/kaposvarievangelikus.hu\/wp-content\/uploads\/2025\/05\/FB_IMG_1748453582780-150x150.jpg\" alt=\"\" width=\"150\" height=\"150\"><img loading=\"lazy\" decoding=\"async\" class=\"alignnone size-thumbnail wp-image-1260\" src=\"https:\/\/kaposvarievangelikus.hu\/wp-content\/uploads\/2025\/05\/FB_IMG_1748453576258-150x150.jpg\" alt=\"\" width=\"150\" height=\"150\"><\/p>\n<p>&nbsp;<\/p>\n","protected":false},"excerpt":{"rendered":"<p class=\"post-excerpt\">Rangos elismer\u00e9sben r\u00e9szes\u00fclt a Kaposv\u00e1ri Evang\u00e9likus Iskola! Nem csak l\u00e9lekben, de a teremt\u00e9s v\u00e9delm\u00e9ben is er\u0151s v\u00e1r a Berzsenyi! \u00d6r\u00f6mmel&#8230;<\/p>\n","protected":false},"author":2,"featured_media":1264,"comment_status":"closed","ping_status":"open","sticky":false,"template":"","format":"standard","meta":{"ngg_post_thumbnail":0,"footnotes":""},"categories":[4],"tags":[],"class_list":["post-1256","post","type-post","status-publish","format-standard","has-post-thumbnail","hentry","category-aktualis"],"_links":{"self":[{"href":"https:\/\/kaposvarievangelikus.hu\/index.php\/wp-json\/wp\/v2\/posts\/1256","targetHints":{"allow":["GET"]}}],"collection":[{"href":"https:\/\/kaposvarievangelikus.hu\/index.php\/wp-json\/wp\/v2\/posts"}],"about":[{"href":"https:\/\/kaposvarievangelikus.hu\/index.php\/wp-json\/wp\/v2\/types\/post"}],"author":[{"embeddable":true,"href":"https:\/\/kaposvarievangelikus.hu\/index.php\/wp-json\/wp\/v2\/users\/2"}],"replies":[{"embeddable":true,"href":"https:\/\/kaposvarievangelikus.hu\/index.php\/wp-json\/wp\/v2\/comments?post=1256"}],"version-history":[{"count":7,"href":"https:\/\/kaposvarievangelikus.hu\/index.php\/wp-json\/wp\/v2\/posts\/1256\/revisions"}],"predecessor-version":[{"id":1273,"href":"https:\/\/kaposvarievangelikus.hu\/index.php\/wp-json\/wp\/v2\/posts\/1256\/revisions\/1273"}],"wp:featuredmedia":[{"embeddable":true,"href":"https:\/\/kaposvarievangelikus.hu\/index.php\/wp-json\/wp\/v2\/media\/1264"}],"wp:attachment":[{"href":"https:\/\/kaposvarievangelikus.hu\/index.php\/wp-json\/wp\/v2\/media?parent=1256"}],"wp:term":[{"taxonomy":"category","embeddable":true,"href":"https:\/\/kaposvarievangelikus.hu\/index.php\/wp-json\/wp\/v2\/categories?post=1256"},{"taxonomy":"post_tag","embeddable":true,"href":"https:\/\/kaposvarievangelikus.hu\/index.php\/wp-json\/wp\/v2\/tags?post=1256"}],"curies":[{"name":"wp","href":"https:\/\/api.w.org\/{rel}","templated":true}]}}