{"id":1250,"date":"2025-05-27T05:47:30","date_gmt":"2025-05-27T05:47:30","guid":{"rendered":"https:\/\/kaposvarievangelikus.hu\/?p=1250"},"modified":"2025-06-05T19:19:24","modified_gmt":"2025-06-05T19:19:24","slug":"tabuk-nelkul-beszelgetokor-felnotteknek-2","status":"publish","type":"post","link":"https:\/\/kaposvarievangelikus.hu\/index.php\/2025\/05\/27\/tabuk-nelkul-beszelgetokor-felnotteknek-2\/","title":{"rendered":"Tabuk n\u00e9lk\u00fcl &#8211; besz\u00e9lget\u0151k\u00f6r feln\u0151tteknek"},"content":{"rendered":"<blockquote><p><img loading=\"lazy\" decoding=\"async\" class=\"alignnone size-medium wp-image-1252\" src=\"https:\/\/kaposvarievangelikus.hu\/wp-content\/uploads\/2025\/05\/FB_IMG_1748324391357-212x300.jpg\" alt=\"\" width=\"212\" height=\"300\" srcset=\"https:\/\/kaposvarievangelikus.hu\/wp-content\/uploads\/2025\/05\/FB_IMG_1748324391357-212x300.jpg 212w, https:\/\/kaposvarievangelikus.hu\/wp-content\/uploads\/2025\/05\/FB_IMG_1748324391357-724x1024.jpg 724w, https:\/\/kaposvarievangelikus.hu\/wp-content\/uploads\/2025\/05\/FB_IMG_1748324391357-768x1087.jpg 768w, https:\/\/kaposvarievangelikus.hu\/wp-content\/uploads\/2025\/05\/FB_IMG_1748324391357.jpg 1080w\" sizes=\"auto, (max-width: 212px) 100vw, 212px\" \/><\/p><\/blockquote>\n<p>Vannak k\u00e9rd\u00e9seid, de nincs kivel megbesz\u00e9lned&nbsp;Sokszor \u00fagy \u00e9rzed, hogy bizonyos t\u00e9m\u00e1kr\u00f3l nem illik besz\u00e9lni? Kimozduln\u00e1l, de nem tudod addig ki vigy\u00e1zzon a gyermekedre?<br \/>\nItt egy hely, ahol gyerekfel\u00fcgyeletet is biztos\u00edtva, \u0151szint\u00e9n, \u00edt\u00e9lkez\u00e9s n\u00e9lk\u00fcl besz\u00e9lgethet\u00fcnk az \u00e9let nagy k\u00e9rd\u00e9seir\u0151l \u2013 hitr\u0151l, k\u00e9telyekr\u0151l, kapcsolatokr\u00f3l, sikerr\u0151l \u00e9s kudarcr\u00f3l \u00e9s m\u00e9g oly sok mindenr\u0151l.<\/p>\n<p><strong>Gyere el \u00e9s k\u00e9rdezz b\u00e1tran, 2025.06.05-\u00e9n 17:30kor<\/strong><\/p>\n","protected":false},"excerpt":{"rendered":"<p class=\"post-excerpt\">Vannak k\u00e9rd\u00e9seid, de nincs kivel megbesz\u00e9lned&nbsp;Sokszor \u00fagy \u00e9rzed, hogy bizonyos t\u00e9m\u00e1kr\u00f3l nem illik besz\u00e9lni? Kimozduln\u00e1l, de nem tudod addig ki&#8230;<\/p>\n","protected":false},"author":2,"featured_media":1252,"comment_status":"closed","ping_status":"open","sticky":false,"template":"","format":"standard","meta":{"ngg_post_thumbnail":0,"footnotes":""},"categories":[4],"tags":[],"class_list":["post-1250","post","type-post","status-publish","format-standard","has-post-thumbnail","hentry","category-aktualis"],"_links":{"self":[{"href":"https:\/\/kaposvarievangelikus.hu\/index.php\/wp-json\/wp\/v2\/posts\/1250","targetHints":{"allow":["GET"]}}],"collection":[{"href":"https:\/\/kaposvarievangelikus.hu\/index.php\/wp-json\/wp\/v2\/posts"}],"about":[{"href":"https:\/\/kaposvarievangelikus.hu\/index.php\/wp-json\/wp\/v2\/types\/post"}],"author":[{"embeddable":true,"href":"https:\/\/kaposvarievangelikus.hu\/index.php\/wp-json\/wp\/v2\/users\/2"}],"replies":[{"embeddable":true,"href":"https:\/\/kaposvarievangelikus.hu\/index.php\/wp-json\/wp\/v2\/comments?post=1250"}],"version-history":[{"count":4,"href":"https:\/\/kaposvarievangelikus.hu\/index.php\/wp-json\/wp\/v2\/posts\/1250\/revisions"}],"predecessor-version":[{"id":1372,"href":"https:\/\/kaposvarievangelikus.hu\/index.php\/wp-json\/wp\/v2\/posts\/1250\/revisions\/1372"}],"wp:featuredmedia":[{"embeddable":true,"href":"https:\/\/kaposvarievangelikus.hu\/index.php\/wp-json\/wp\/v2\/media\/1252"}],"wp:attachment":[{"href":"https:\/\/kaposvarievangelikus.hu\/index.php\/wp-json\/wp\/v2\/media?parent=1250"}],"wp:term":[{"taxonomy":"category","embeddable":true,"href":"https:\/\/kaposvarievangelikus.hu\/index.php\/wp-json\/wp\/v2\/categories?post=1250"},{"taxonomy":"post_tag","embeddable":true,"href":"https:\/\/kaposvarievangelikus.hu\/index.php\/wp-json\/wp\/v2\/tags?post=1250"}],"curies":[{"name":"wp","href":"https:\/\/api.w.org\/{rel}","templated":true}]}}